{"id":2939,"date":"2015-05-31T21:27:29","date_gmt":"2015-05-31T21:27:29","guid":{"rendered":"http:\/\/www.lojadeequipamentos.com.br\/loja\/?p=2939"},"modified":"2021-02-23T21:38:51","modified_gmt":"2021-02-23T21:38:51","slug":"sugestao-de-instalacao-sauna-vapor","status":"publish","type":"post","link":"https:\/\/www.lojadeequipamentos.com.br\/loja\/sugestao-de-instalacao-sauna-vapor\/","title":{"rendered":"Sugest\u00e3o de Instala\u00e7\u00e3o Sauna Vapor"},"content":{"rendered":"<p><strong>Sugest\u00e3o de Instala\u00e7\u00e3o Sauna Vapor<\/strong><br \/>\nA loja de equipamento sugere atrav\u00e9s de um gr\u00e1fico, a possibilidade de algumas formas de instala\u00e7\u00e3o das saunas a vapor comercializadas em seu site.<br \/>\nlevando em conta a possibilidade de instala\u00e7\u00e3o da hidr\u00e1ulica de insufla\u00e7\u00e3o ser sifonada e com desn\u00edvel vertical superior de at\u00e9 5m.<\/p>\n","protected":false},"excerpt":{"rendered":"Sugest\u00e3o de Instala\u00e7\u00e3o Sauna Vapor A loja de equipamento sugere atrav\u00e9s de um gr\u00e1fico, a possibilidade de algumas formas de instala\u00e7\u00e3o das saunas a vapor comercializadas em seu site. levando em conta a possibilidade de instala\u00e7\u00e3o da hidr\u00e1ulica de insufla\u00e7\u00e3o ser sifonada e com desn\u00edvel vertical superior de at\u00e9 5m.","protected":false},"author":1,"featured_media":0,"comment_status":"open","ping_status":"open","sticky":false,"template":"","format":"standard","meta":{"footnotes":"","_links_to":"","_links_to_target":""},"categories":[1],"tags":[738,739,741,742,740],"class_list":["post-2939","post","type-post","status-publish","format-standard","hentry","category-sem-categoria","tag-instalacao-de-sauna-vapor-alta-pressao","tag-instalacao-sauna-vapor","tag-opcao-instalacao-sauna-vapor","tag-opcao-instalacao-sauna-vapor-alta-pressao","tag-sauna-vapor-instalacao","cat-1-id"],"yoast_head":"<!-- This site is optimized with the Yoast SEO plugin v27.3 - https:\/\/yoast.com\/product\/yoast-seo-wordpress\/ -->\n<title>Sugest\u00e3o de Instala\u00e7\u00e3o Sauna Vapor - Loja de Equipamentos<\/title>\n<meta name=\"description\" content=\"instala\u00e7\u00e3o sauna vapor, possibilidade de instala\u00e7\u00e3o da hidr\u00e1ulica de insufla\u00e7\u00e3o ser sifonada e com desn\u00edvel vertical superior de at\u00e9 5m.\" \/>\n<meta name=\"robots\" content=\"index, follow, max-snippet:-1, max-image-preview:large, max-video-preview:-1\" \/>\n<link rel=\"canonical\" href=\"https:\/\/www.lojadeequipamentos.com.br\/loja\/sugestao-de-instalacao-sauna-vapor\/\" \/>\n<meta property=\"og:locale\" content=\"pt_BR\" \/>\n<meta property=\"og:type\" content=\"article\" \/>\n<meta property=\"og:title\" content=\"Sugest\u00e3o de Instala\u00e7\u00e3o Sauna Vapor - Loja de Equipamentos\" \/>\n<meta property=\"og:description\" content=\"instala\u00e7\u00e3o sauna vapor, possibilidade de instala\u00e7\u00e3o da hidr\u00e1ulica de insufla\u00e7\u00e3o ser sifonada e com desn\u00edvel vertical superior de at\u00e9 5m.\" \/>\n<meta property=\"og:url\" content=\"https:\/\/www.lojadeequipamentos.com.br\/loja\/sugestao-de-instalacao-sauna-vapor\/\" \/>\n<meta property=\"og:site_name\" content=\"Loja de Equipamentos\" \/>\n<meta property=\"article:published_time\" content=\"2015-05-31T21:27:29+00:00\" \/>\n<meta property=\"article:modified_time\" content=\"2021-02-23T21:38:51+00:00\" \/>\n<meta name=\"author\" content=\"mestre\" \/>\n<meta name=\"twitter:card\" content=\"summary_large_image\" \/>\n<meta name=\"twitter:label1\" content=\"Escrito por\" \/>\n\t<meta name=\"twitter:data1\" content=\"mestre\" \/>\n<script type=\"application\/ld+json\" class=\"yoast-schema-graph\">{\"@context\":\"https:\\\/\\\/schema.org\",\"@graph\":[{\"@type\":\"Article\",\"@id\":\"https:\\\/\\\/www.lojadeequipamentos.com.br\\\/loja\\\/sugestao-de-instalacao-sauna-vapor\\\/#article\",\"isPartOf\":{\"@id\":\"https:\\\/\\\/www.lojadeequipamentos.com.br\\\/loja\\\/sugestao-de-instalacao-sauna-vapor\\\/\"},\"author\":{\"name\":\"mestre\",\"@id\":\"https:\\\/\\\/www.lojadeequipamentos.com.br\\\/loja\\\/#\\\/schema\\\/person\\\/344b5bcb60f2fcda3dc64df2a09aeb9d\"},\"headline\":\"Sugest\u00e3o de Instala\u00e7\u00e3o Sauna Vapor\",\"datePublished\":\"2015-05-31T21:27:29+00:00\",\"dateModified\":\"2021-02-23T21:38:51+00:00\",\"mainEntityOfPage\":{\"@id\":\"https:\\\/\\\/www.lojadeequipamentos.com.br\\\/loja\\\/sugestao-de-instalacao-sauna-vapor\\\/\"},\"wordCount\":66,\"commentCount\":0,\"keywords\":[\"instala\u00e7\u00e3o de sauna vapor alta press\u00e3o\",\"instala\u00e7\u00e3o sauna vapor\",\"op\u00e7\u00e3o instala\u00e7\u00e3o sauna vapor\",\"op\u00e7\u00e3o instala\u00e7\u00e3o sauna vapor alta press\u00e3o\",\"sauna vapor instala\u00e7\u00e3o\"],\"inLanguage\":\"pt-BR\",\"potentialAction\":[{\"@type\":\"CommentAction\",\"name\":\"Comment\",\"target\":[\"https:\\\/\\\/www.lojadeequipamentos.com.br\\\/loja\\\/sugestao-de-instalacao-sauna-vapor\\\/#respond\"]}]},{\"@type\":\"WebPage\",\"@id\":\"https:\\\/\\\/www.lojadeequipamentos.com.br\\\/loja\\\/sugestao-de-instalacao-sauna-vapor\\\/\",\"url\":\"https:\\\/\\\/www.lojadeequipamentos.com.br\\\/loja\\\/sugestao-de-instalacao-sauna-vapor\\\/\",\"name\":\"Sugest\u00e3o de Instala\u00e7\u00e3o Sauna Vapor - Loja de Equipamentos\",\"isPartOf\":{\"@id\":\"https:\\\/\\\/www.lojadeequipamentos.com.br\\\/loja\\\/#website\"},\"datePublished\":\"2015-05-31T21:27:29+00:00\",\"dateModified\":\"2021-02-23T21:38:51+00:00\",\"author\":{\"@id\":\"https:\\\/\\\/www.lojadeequipamentos.com.br\\\/loja\\\/#\\\/schema\\\/person\\\/344b5bcb60f2fcda3dc64df2a09aeb9d\"},\"description\":\"instala\u00e7\u00e3o sauna vapor, possibilidade de instala\u00e7\u00e3o da hidr\u00e1ulica de insufla\u00e7\u00e3o ser sifonada e com desn\u00edvel vertical superior de at\u00e9 5m.\",\"breadcrumb\":{\"@id\":\"https:\\\/\\\/www.lojadeequipamentos.com.br\\\/loja\\\/sugestao-de-instalacao-sauna-vapor\\\/#breadcrumb\"},\"inLanguage\":\"pt-BR\",\"potentialAction\":[{\"@type\":\"ReadAction\",\"target\":[\"https:\\\/\\\/www.lojadeequipamentos.com.br\\\/loja\\\/sugestao-de-instalacao-sauna-vapor\\\/\"]}]},{\"@type\":\"BreadcrumbList\",\"@id\":\"https:\\\/\\\/www.lojadeequipamentos.com.br\\\/loja\\\/sugestao-de-instalacao-sauna-vapor\\\/#breadcrumb\",\"itemListElement\":[{\"@type\":\"ListItem\",\"position\":1,\"name\":\"In\u00edcio\",\"item\":\"https:\\\/\\\/www.lojadeequipamentos.com.br\\\/loja\\\/\"},{\"@type\":\"ListItem\",\"position\":2,\"name\":\"Sugest\u00e3o de Instala\u00e7\u00e3o Sauna Vapor\"}]},{\"@type\":\"WebSite\",\"@id\":\"https:\\\/\\\/www.lojadeequipamentos.com.br\\\/loja\\\/#website\",\"url\":\"https:\\\/\\\/www.lojadeequipamentos.com.br\\\/loja\\\/\",\"name\":\"Loja de Equipamentos\",\"description\":\"\",\"potentialAction\":[{\"@type\":\"SearchAction\",\"target\":{\"@type\":\"EntryPoint\",\"urlTemplate\":\"https:\\\/\\\/www.lojadeequipamentos.com.br\\\/loja\\\/?s={search_term_string}\"},\"query-input\":{\"@type\":\"PropertyValueSpecification\",\"valueRequired\":true,\"valueName\":\"search_term_string\"}}],\"inLanguage\":\"pt-BR\"},{\"@type\":\"Person\",\"@id\":\"https:\\\/\\\/www.lojadeequipamentos.com.br\\\/loja\\\/#\\\/schema\\\/person\\\/344b5bcb60f2fcda3dc64df2a09aeb9d\",\"name\":\"mestre\",\"image\":{\"@type\":\"ImageObject\",\"inLanguage\":\"pt-BR\",\"@id\":\"https:\\\/\\\/secure.gravatar.com\\\/avatar\\\/c02a05e43d6614c6aa735684a132d941fcd77a50663c1058fd4efe0fb5942787?s=96&d=mm&r=g\",\"url\":\"https:\\\/\\\/secure.gravatar.com\\\/avatar\\\/c02a05e43d6614c6aa735684a132d941fcd77a50663c1058fd4efe0fb5942787?s=96&d=mm&r=g\",\"contentUrl\":\"https:\\\/\\\/secure.gravatar.com\\\/avatar\\\/c02a05e43d6614c6aa735684a132d941fcd77a50663c1058fd4efe0fb5942787?s=96&d=mm&r=g\",\"caption\":\"mestre\"},\"sameAs\":[\"http:\\\/\\\/lojadeequipamentos.com.br\"],\"url\":\"https:\\\/\\\/www.lojadeequipamentos.com.br\\\/loja\\\/author\\\/mestre\\\/\"}]}<\/script>\n<!-- \/ Yoast SEO plugin. -->","yoast_head_json":{"title":"Sugest\u00e3o de Instala\u00e7\u00e3o Sauna Vapor - Loja de Equipamentos","description":"instala\u00e7\u00e3o sauna vapor, possibilidade de instala\u00e7\u00e3o da hidr\u00e1ulica de insufla\u00e7\u00e3o ser sifonada e com desn\u00edvel vertical superior de at\u00e9 5m.","robots":{"index":"index","follow":"follow","max-snippet":"max-snippet:-1","max-image-preview":"max-image-preview:large","max-video-preview":"max-video-preview:-1"},"canonical":"https:\/\/www.lojadeequipamentos.com.br\/loja\/sugestao-de-instalacao-sauna-vapor\/","og_locale":"pt_BR","og_type":"article","og_title":"Sugest\u00e3o de Instala\u00e7\u00e3o Sauna Vapor - Loja de Equipamentos","og_description":"instala\u00e7\u00e3o sauna vapor, possibilidade de instala\u00e7\u00e3o da hidr\u00e1ulica de insufla\u00e7\u00e3o ser sifonada e com desn\u00edvel vertical superior de at\u00e9 5m.","og_url":"https:\/\/www.lojadeequipamentos.com.br\/loja\/sugestao-de-instalacao-sauna-vapor\/","og_site_name":"Loja de Equipamentos","article_published_time":"2015-05-31T21:27:29+00:00","article_modified_time":"2021-02-23T21:38:51+00:00","author":"mestre","twitter_card":"summary_large_image","twitter_misc":{"Escrito por":"mestre"},"schema":{"@context":"https:\/\/schema.org","@graph":[{"@type":"Article","@id":"https:\/\/www.lojadeequipamentos.com.br\/loja\/sugestao-de-instalacao-sauna-vapor\/#article","isPartOf":{"@id":"https:\/\/www.lojadeequipamentos.com.br\/loja\/sugestao-de-instalacao-sauna-vapor\/"},"author":{"name":"mestre","@id":"https:\/\/www.lojadeequipamentos.com.br\/loja\/#\/schema\/person\/344b5bcb60f2fcda3dc64df2a09aeb9d"},"headline":"Sugest\u00e3o de Instala\u00e7\u00e3o Sauna Vapor","datePublished":"2015-05-31T21:27:29+00:00","dateModified":"2021-02-23T21:38:51+00:00","mainEntityOfPage":{"@id":"https:\/\/www.lojadeequipamentos.com.br\/loja\/sugestao-de-instalacao-sauna-vapor\/"},"wordCount":66,"commentCount":0,"keywords":["instala\u00e7\u00e3o de sauna vapor alta press\u00e3o","instala\u00e7\u00e3o sauna vapor","op\u00e7\u00e3o instala\u00e7\u00e3o sauna vapor","op\u00e7\u00e3o instala\u00e7\u00e3o sauna vapor alta press\u00e3o","sauna vapor instala\u00e7\u00e3o"],"inLanguage":"pt-BR","potentialAction":[{"@type":"CommentAction","name":"Comment","target":["https:\/\/www.lojadeequipamentos.com.br\/loja\/sugestao-de-instalacao-sauna-vapor\/#respond"]}]},{"@type":"WebPage","@id":"https:\/\/www.lojadeequipamentos.com.br\/loja\/sugestao-de-instalacao-sauna-vapor\/","url":"https:\/\/www.lojadeequipamentos.com.br\/loja\/sugestao-de-instalacao-sauna-vapor\/","name":"Sugest\u00e3o de Instala\u00e7\u00e3o Sauna Vapor - Loja de Equipamentos","isPartOf":{"@id":"https:\/\/www.lojadeequipamentos.com.br\/loja\/#website"},"datePublished":"2015-05-31T21:27:29+00:00","dateModified":"2021-02-23T21:38:51+00:00","author":{"@id":"https:\/\/www.lojadeequipamentos.com.br\/loja\/#\/schema\/person\/344b5bcb60f2fcda3dc64df2a09aeb9d"},"description":"instala\u00e7\u00e3o sauna vapor, possibilidade de instala\u00e7\u00e3o da hidr\u00e1ulica de insufla\u00e7\u00e3o ser sifonada e com desn\u00edvel vertical superior de at\u00e9 5m.","breadcrumb":{"@id":"https:\/\/www.lojadeequipamentos.com.br\/loja\/sugestao-de-instalacao-sauna-vapor\/#breadcrumb"},"inLanguage":"pt-BR","potentialAction":[{"@type":"ReadAction","target":["https:\/\/www.lojadeequipamentos.com.br\/loja\/sugestao-de-instalacao-sauna-vapor\/"]}]},{"@type":"BreadcrumbList","@id":"https:\/\/www.lojadeequipamentos.com.br\/loja\/sugestao-de-instalacao-sauna-vapor\/#breadcrumb","itemListElement":[{"@type":"ListItem","position":1,"name":"In\u00edcio","item":"https:\/\/www.lojadeequipamentos.com.br\/loja\/"},{"@type":"ListItem","position":2,"name":"Sugest\u00e3o de Instala\u00e7\u00e3o Sauna Vapor"}]},{"@type":"WebSite","@id":"https:\/\/www.lojadeequipamentos.com.br\/loja\/#website","url":"https:\/\/www.lojadeequipamentos.com.br\/loja\/","name":"Loja de Equipamentos","description":"","potentialAction":[{"@type":"SearchAction","target":{"@type":"EntryPoint","urlTemplate":"https:\/\/www.lojadeequipamentos.com.br\/loja\/?s={search_term_string}"},"query-input":{"@type":"PropertyValueSpecification","valueRequired":true,"valueName":"search_term_string"}}],"inLanguage":"pt-BR"},{"@type":"Person","@id":"https:\/\/www.lojadeequipamentos.com.br\/loja\/#\/schema\/person\/344b5bcb60f2fcda3dc64df2a09aeb9d","name":"mestre","image":{"@type":"ImageObject","inLanguage":"pt-BR","@id":"https:\/\/secure.gravatar.com\/avatar\/c02a05e43d6614c6aa735684a132d941fcd77a50663c1058fd4efe0fb5942787?s=96&d=mm&r=g","url":"https:\/\/secure.gravatar.com\/avatar\/c02a05e43d6614c6aa735684a132d941fcd77a50663c1058fd4efe0fb5942787?s=96&d=mm&r=g","contentUrl":"https:\/\/secure.gravatar.com\/avatar\/c02a05e43d6614c6aa735684a132d941fcd77a50663c1058fd4efe0fb5942787?s=96&d=mm&r=g","caption":"mestre"},"sameAs":["http:\/\/lojadeequipamentos.com.br"],"url":"https:\/\/www.lojadeequipamentos.com.br\/loja\/author\/mestre\/"}]}},"_links":{"self":[{"href":"https:\/\/www.lojadeequipamentos.com.br\/loja\/wp-json\/wp\/v2\/posts\/2939","targetHints":{"allow":["GET"]}}],"collection":[{"href":"https:\/\/www.lojadeequipamentos.com.br\/loja\/wp-json\/wp\/v2\/posts"}],"about":[{"href":"https:\/\/www.lojadeequipamentos.com.br\/loja\/wp-json\/wp\/v2\/types\/post"}],"author":[{"embeddable":true,"href":"https:\/\/www.lojadeequipamentos.com.br\/loja\/wp-json\/wp\/v2\/users\/1"}],"replies":[{"embeddable":true,"href":"https:\/\/www.lojadeequipamentos.com.br\/loja\/wp-json\/wp\/v2\/comments?post=2939"}],"version-history":[{"count":2,"href":"https:\/\/www.lojadeequipamentos.com.br\/loja\/wp-json\/wp\/v2\/posts\/2939\/revisions"}],"predecessor-version":[{"id":4823,"href":"https:\/\/www.lojadeequipamentos.com.br\/loja\/wp-json\/wp\/v2\/posts\/2939\/revisions\/4823"}],"wp:attachment":[{"href":"https:\/\/www.lojadeequipamentos.com.br\/loja\/wp-json\/wp\/v2\/media?parent=2939"}],"wp:term":[{"taxonomy":"category","embeddable":true,"href":"https:\/\/www.lojadeequipamentos.com.br\/loja\/wp-json\/wp\/v2\/categories?post=2939"},{"taxonomy":"post_tag","embeddable":true,"href":"https:\/\/www.lojadeequipamentos.com.br\/loja\/wp-json\/wp\/v2\/tags?post=2939"}],"curies":[{"name":"wp","href":"https:\/\/api.w.org\/{rel}","templated":true}]}}